{"id":473,"date":"2015-02-23T19:42:17","date_gmt":"2015-02-23T18:42:17","guid":{"rendered":"http:\/\/vigilantesmarinos.es\/?p=473"},"modified":"2022-04-11T18:09:08","modified_gmt":"2022-04-11T16:09:08","slug":"roberto-cabria","status":"publish","type":"post","link":"https:\/\/vigilantesmarinos.es\/fedas\/?p=473","title":{"rendered":"Roberto Cabria"},"content":{"rendered":"<div>Licenciado en Biolog\u00eda, con un m\u00e1ster en Biodiversidad y otro en Auditorias marinas. Adem\u00e1s de una amplia formaci\u00f3n adicional en el \u00e1mbito medio ambiental, as\u00ed como formaci\u00f3n profesional mar\u00edtima. Ha participado en diversos proyectos de investigaci\u00f3n y conservaci\u00f3n de la biodiversidad, como Life + INDEMARES o Life+Cubomed, as\u00ed como en el desarrollo de futuros proyectos como e Life+INTEMARES.<\/div>\n<div>Actualmente trabaja con Consultor de Medio Ambiente-Marino, compaginando su labor profesional con la asociaci\u00f3n Bioblau, de la cual es coordinador de la Comisi\u00f3n de Investigaci\u00f3n y Proyectos, y forma parte del Comit\u00e9 de Medio Marino de FEDAS<\/div>\n<div style=\"clear:both;\"><\/div>","protected":false},"excerpt":{"rendered":"<p>Licenciado en Biolog\u00eda, con un m\u00e1ster en Biodiversidad y otro en Auditorias marinas. Adem\u00e1s de una amplia formaci\u00f3n adicional en el \u00e1mbito medio ambiental, as\u00ed como formaci\u00f3n profesional mar\u00edtima. Ha participado en diversos proyectos de investigaci\u00f3n y conservaci\u00f3n de la biodiversidad, como Life + INDEMARES o Life+Cubomed, as\u00ed como en el desarrollo de futuros proyectos [&hellip;]<\/p>\n","protected":false},"author":1,"featured_media":472,"comment_status":"closed","ping_status":"closed","sticky":false,"template":"","format":"standard","meta":{"tdm_status":"","tdm_grid_status":""},"categories":[80],"tags":[],"_links":{"self":[{"href":"https:\/\/vigilantesmarinos.es\/fedas\/index.php?rest_route=\/wp\/v2\/posts\/473"}],"collection":[{"href":"https:\/\/vigilantesmarinos.es\/fedas\/index.php?rest_route=\/wp\/v2\/posts"}],"about":[{"href":"https:\/\/vigilantesmarinos.es\/fedas\/index.php?rest_route=\/wp\/v2\/types\/post"}],"author":[{"embeddable":true,"href":"https:\/\/vigilantesmarinos.es\/fedas\/index.php?rest_route=\/wp\/v2\/users\/1"}],"replies":[{"embeddable":true,"href":"https:\/\/vigilantesmarinos.es\/fedas\/index.php?rest_route=%2Fwp%2Fv2%2Fcomments&post=473"}],"version-history":[{"count":2,"href":"https:\/\/vigilantesmarinos.es\/fedas\/index.php?rest_route=\/wp\/v2\/posts\/473\/revisions"}],"predecessor-version":[{"id":475,"href":"https:\/\/vigilantesmarinos.es\/fedas\/index.php?rest_route=\/wp\/v2\/posts\/473\/revisions\/475"}],"wp:featuredmedia":[{"embeddable":true,"href":"https:\/\/vigilantesmarinos.es\/fedas\/index.php?rest_route=\/wp\/v2\/media\/472"}],"wp:attachment":[{"href":"https:\/\/vigilantesmarinos.es\/fedas\/index.php?rest_route=%2Fwp%2Fv2%2Fmedia&parent=473"}],"wp:term":[{"taxonomy":"category","embeddable":true,"href":"https:\/\/vigilantesmarinos.es\/fedas\/index.php?rest_route=%2Fwp%2Fv2%2Fcategories&post=473"},{"taxonomy":"post_tag","embeddable":true,"href":"https:\/\/vigilantesmarinos.es\/fedas\/index.php?rest_route=%2Fwp%2Fv2%2Ftags&post=473"}],"curies":[{"name":"wp","href":"https:\/\/api.w.org\/{rel}","templated":true}]}}