{"id":1897,"date":"2020-12-11T12:05:43","date_gmt":"2020-12-11T11:05:43","guid":{"rendered":"http:\/\/vigilantesmarinos.es\/?p=1897"},"modified":"2022-04-13T23:06:30","modified_gmt":"2022-04-13T21:06:30","slug":"somos-noticia","status":"publish","type":"post","link":"https:\/\/vigilantesmarinos.es\/fedas\/?p=1897","title":{"rendered":"Un planeta de historias"},"content":{"rendered":"<p>El per\u00edodico el Pa\u00eds hace una entrevista a nuestro coordinador y Presidente de Oce\u00e1nidas , Antonio M\u00e1rquez, sobre los inicios de la ONG y su proyecto Red de Vigilantes Marinos<\/p>\n<p>&nbsp;<\/p>\n<p><iframe loading=\"lazy\" title=\"El buceador que saca basura del fondo del mar\" width=\"696\" height=\"392\" src=\"https:\/\/www.youtube.com\/embed\/hqAA_yz9q1U?feature=oembed\" frameborder=\"0\" allow=\"accelerometer; autoplay; clipboard-write; encrypted-media; gyroscope; picture-in-picture\" allowfullscreen><\/iframe><\/p>\n<div style=\"clear:both;\"><\/div>","protected":false},"excerpt":{"rendered":"<p>El per\u00edodico el Pa\u00eds hace una entrevista a nuestro coordinador y Presidente de Oce\u00e1nidas , Antonio M\u00e1rquez, sobre los inicios de la ONG y su proyecto Red de Vigilantes Marinos &nbsp;<\/p>\n","protected":false},"author":1,"featured_media":317,"comment_status":"closed","ping_status":"open","sticky":false,"template":"","format":"standard","meta":{"tdm_status":"","tdm_grid_status":""},"categories":[74],"tags":[],"_links":{"self":[{"href":"https:\/\/vigilantesmarinos.es\/fedas\/index.php?rest_route=\/wp\/v2\/posts\/1897"}],"collection":[{"href":"https:\/\/vigilantesmarinos.es\/fedas\/index.php?rest_route=\/wp\/v2\/posts"}],"about":[{"href":"https:\/\/vigilantesmarinos.es\/fedas\/index.php?rest_route=\/wp\/v2\/types\/post"}],"author":[{"embeddable":true,"href":"https:\/\/vigilantesmarinos.es\/fedas\/index.php?rest_route=\/wp\/v2\/users\/1"}],"replies":[{"embeddable":true,"href":"https:\/\/vigilantesmarinos.es\/fedas\/index.php?rest_route=%2Fwp%2Fv2%2Fcomments&post=1897"}],"version-history":[{"count":6,"href":"https:\/\/vigilantesmarinos.es\/fedas\/index.php?rest_route=\/wp\/v2\/posts\/1897\/revisions"}],"predecessor-version":[{"id":2684,"href":"https:\/\/vigilantesmarinos.es\/fedas\/index.php?rest_route=\/wp\/v2\/posts\/1897\/revisions\/2684"}],"wp:featuredmedia":[{"embeddable":true,"href":"https:\/\/vigilantesmarinos.es\/fedas\/index.php?rest_route=\/wp\/v2\/media\/317"}],"wp:attachment":[{"href":"https:\/\/vigilantesmarinos.es\/fedas\/index.php?rest_route=%2Fwp%2Fv2%2Fmedia&parent=1897"}],"wp:term":[{"taxonomy":"category","embeddable":true,"href":"https:\/\/vigilantesmarinos.es\/fedas\/index.php?rest_route=%2Fwp%2Fv2%2Fcategories&post=1897"},{"taxonomy":"post_tag","embeddable":true,"href":"https:\/\/vigilantesmarinos.es\/fedas\/index.php?rest_route=%2Fwp%2Fv2%2Ftags&post=1897"}],"curies":[{"name":"wp","href":"https:\/\/api.w.org\/{rel}","templated":true}]}}