{"id":1754,"date":"2019-12-19T20:18:41","date_gmt":"2019-12-19T19:18:41","guid":{"rendered":"http:\/\/vigilantesmarinos.es\/?p=1754"},"modified":"2022-04-11T18:02:04","modified_gmt":"2022-04-11T16:02:04","slug":"la-red-de-vigilantes-marinos-recibe-el-premio-de-salvamento-maritimo","status":"publish","type":"post","link":"https:\/\/vigilantesmarinos.es\/fedas\/?p=1754","title":{"rendered":"LA RED DE VIGILANTES MARINOS RECIBE EL PREMIO DE SALVAMENTO MAR\u00cdTIMO"},"content":{"rendered":"<p><strong>El ministro de Fomento en funciones, Jos\u00e9 Luis \u00c1balos, ha entregado hoy a la Red de Vigilantes Marinos el Premio de Salvamento Mar\u00edtimo en la modalidad de &#8216;Mejor iniciativa de sensibilizaci\u00f3n para la conservaci\u00f3n de nuestros mares&#8217;. El galard\u00f3n viene a reconocer la labor de los dos mil voluntarios de la Red, buceadores involucrados en la lucha contra las basuras marinas y la conservaci\u00f3n del medio subacu\u00e1tico.<\/strong><\/p>\n<p>Los premios otorgados por Salvamento Mar\u00edtimo van dirigidos a aquellas personas, asociaciones o empresas que con su labor hayan desarrollado iniciativas encaminadas a la sensibilizaci\u00f3n sobre la necesidad de preservar del medio ambiente marino y acciones de lucha contra la contaminaci\u00f3n como son la limpieza de basuras marinas, la recuperaci\u00f3n de fondos marinos, el desarrollo de elementos t\u00e9cnicos que faciliten la lucha contra la contaminaci\u00f3n, etc. En esta tercera edici\u00f3n, el jurado ha considerado que las actuaciones desarrolladas por la Red de Vigilantes Marinos se adaptan a la perfecci\u00f3n a estos objetivos.<\/p>\n<p>La Red es una iniciativa de la ONG andaluza Oce\u00e1nidas, que ya agrupa a voluntarios de toda Espa\u00f1a y varios pa\u00edses de \u00c1frica y Latinoam\u00e9rica. Desde hace cinco a\u00f1os, esta entidad organiza limpiezas de fondos marinos en numerosos enclaves de toda la costa nacional de forma simult\u00e1nea, con el objetivo no s\u00f3lo de extraer residuos de los fondos marinos, sino tambi\u00e9n de concienciar a la ciudadan\u00eda del perjucio que ocasiona este problema ambiental. En la \u00faltima campa\u00f1a -el pasado mes de octubre-, unos dos mil voluntarios, la mayor\u00eda de ellos buceadores, intervinieron en casi 50 puntos del litoral y consiguieron retirar del mar 33 toneladas de residuos, que fueron categorizados y registrados inform\u00e1ticamente uno por uno, para que esa informaci\u00f3n est\u00e9 disponible para comunidad cient\u00edfica y as\u00ed servir para elaborar planes de conservaci\u00f3n. Adem\u00e1s, los componentes de la Red de<\/p>\n<p>Las actuaciones de la Red de Vigilantes cuentan con el apoyo de &#8216;Libera, Naturaleza sin Basuras&#8217;, iniciativa de SEO-Birdlife y Ecoembes. Asimismo, colabora con los buceadores voluntarios el Grupo Iberostar, mediante su proyecto &#8216;Wave of Change&#8217;.<\/p>\n<div style=\"clear:both;\"><\/div>","protected":false},"excerpt":{"rendered":"<p>El ministro de Fomento en funciones, Jos\u00e9 Luis \u00c1balos, ha entregado hoy a la Red de Vigilantes Marinos el Premio de Salvamento Mar\u00edtimo en la modalidad de &#8216;Mejor iniciativa de sensibilizaci\u00f3n para la conservaci\u00f3n de nuestros mares&#8217;. El galard\u00f3n viene a reconocer la labor de los dos mil voluntarios de la Red, buceadores involucrados en [&hellip;]<\/p>\n","protected":false},"author":1,"featured_media":1755,"comment_status":"closed","ping_status":"open","sticky":false,"template":"","format":"standard","meta":{"tdm_status":"","tdm_grid_status":""},"categories":[73,4,74],"tags":[],"_links":{"self":[{"href":"https:\/\/vigilantesmarinos.es\/fedas\/index.php?rest_route=\/wp\/v2\/posts\/1754"}],"collection":[{"href":"https:\/\/vigilantesmarinos.es\/fedas\/index.php?rest_route=\/wp\/v2\/posts"}],"about":[{"href":"https:\/\/vigilantesmarinos.es\/fedas\/index.php?rest_route=\/wp\/v2\/types\/post"}],"author":[{"embeddable":true,"href":"https:\/\/vigilantesmarinos.es\/fedas\/index.php?rest_route=\/wp\/v2\/users\/1"}],"replies":[{"embeddable":true,"href":"https:\/\/vigilantesmarinos.es\/fedas\/index.php?rest_route=%2Fwp%2Fv2%2Fcomments&post=1754"}],"version-history":[{"count":3,"href":"https:\/\/vigilantesmarinos.es\/fedas\/index.php?rest_route=\/wp\/v2\/posts\/1754\/revisions"}],"predecessor-version":[{"id":1769,"href":"https:\/\/vigilantesmarinos.es\/fedas\/index.php?rest_route=\/wp\/v2\/posts\/1754\/revisions\/1769"}],"wp:featuredmedia":[{"embeddable":true,"href":"https:\/\/vigilantesmarinos.es\/fedas\/index.php?rest_route=\/wp\/v2\/media\/1755"}],"wp:attachment":[{"href":"https:\/\/vigilantesmarinos.es\/fedas\/index.php?rest_route=%2Fwp%2Fv2%2Fmedia&parent=1754"}],"wp:term":[{"taxonomy":"category","embeddable":true,"href":"https:\/\/vigilantesmarinos.es\/fedas\/index.php?rest_route=%2Fwp%2Fv2%2Fcategories&post=1754"},{"taxonomy":"post_tag","embeddable":true,"href":"https:\/\/vigilantesmarinos.es\/fedas\/index.php?rest_route=%2Fwp%2Fv2%2Ftags&post=1754"}],"curies":[{"name":"wp","href":"https:\/\/api.w.org\/{rel}","templated":true}]}}